{"id":481,"date":"2019-09-08T20:21:00","date_gmt":"2019-09-08T19:21:00","guid":{"rendered":"https:\/\/aeroclubebraga.pt\/?p=481"},"modified":"2021-10-10T20:27:17","modified_gmt":"2021-10-10T19:27:17","slug":"voando-as-cegas","status":"publish","type":"post","link":"https:\/\/aeroclubebraga.pt\/index.php\/2019\/09\/08\/voando-as-cegas\/","title":{"rendered":"Voando \u00e0s cegas"},"content":{"rendered":"\n<p>O sonho de voar foi realizado.<\/p>\n\n\n\n<p>O Aero Clube de Braga proporcionou a experi\u00eancia a mais de 20 pessoas invisuais, dando asas a um sonho de um dia poder voar sobre a cidade.<\/p>\n\n\n\n<p class=\"has-drop-cap\">A sensa\u00e7\u00e3o \u00e9 espetacular. Adorei\u201d, contou Manuel Pinheiro ao \u2018Correio do Minho\u2019, minutos depois de pisar solo firme no Aer\u00f3dromo de Braga.<\/p>\n\n\n\n<p>Trata-se de um projeto de inclus\u00e3o que ontem teve lugar no aer\u00f3dromo que proporcionou a mais de 20 invisuais \u2018o sonho de voar\u201d.<\/p>\n\n\n\n<p>\u201cAdorei a sensa\u00e7\u00e3o l\u00e1 em cima\u201d, contou El\u00eddio, confessando que \u201c\u00e9 maneira de sair-mos de casa\u201d, tecendo ainda rasgados elogios ao Aero Clube de Braga,e \u00e0 Associa\u00e7\u00e3o de Apoio aos Deficientes Visuais do Distrito de Braga que lhes proporcionaram esta experi\u00eancia.<\/p>\n\n\n\n<p>O sonho de voar acess\u00edvel a todos<\/p>\n\n\n\n<p>\u201c\u00c9 uma sensa\u00e7\u00e3o fant\u00e1stica. Apesar do vento que causou um momento de turbul\u00eancia que arrepiou um bocado. \u00c9 evidente para quem n\u00e3o v\u00ea \u00e9 uma sensa\u00e7\u00e3o um pouco de medo, mas como eu ia bem acompanhado senti-me seguro\u201d, contou Domingos Silva, presidente da Associa\u00e7\u00e3o de Deficientes do Distrito de Braga, confessando que gostaria de repetir a experi\u00eancia, mas de prefer\u00eancia \u201csem turbul\u00eancia\u201d.<\/p>\n\n\n\n<p class=\"has-drop-cap\">Visivelmente emocionado estava Cruz Costa, piloto e presidente do Aero Clube de Braga. \u201cUma excelente experi\u00eancia e a repetir\u201d, contou Cruz Costa que descreveu a experi\u00eancia com Domingos Silva como algo \u201cverdadeiramente especial. O Domingos tinha express\u00f5es durante o voo que quase faziam chorar. A alegria no rosto dele foi fant\u00e1stica. Tenho a certeza que ele vai ficar f\u00e3 de avi\u00f5es\u201d, gracejou, real\u00e7ando que \u201cgost\u00e1vamos muito de repetir esta experi\u00eancia com estas pessoas. N\u00f3s desenvolvemos v\u00e1rias a\u00e7\u00f5es de inclus\u00e3o social e quereremos que sirvam de exemplo para outras institui\u00e7\u00f5es\u201d.<\/p>\n\n\n\n<p>A apoiar o batismo de voo deste grupo de invisuais esteve Sameiro Ara\u00fajo, vereadora da C\u00e2mara Municipal de Braga, que salientou a import\u00e2ncia destas experi\u00eancias, louvando a iniciativa do Aero Clube de Braga. \u201cS\u00e3o experi\u00eancias \u00fanicas para esta popula\u00e7\u00e3o. S\u00e3o iniciativas que aproximam os clubes \u00e0 comunidade e s\u00e3o tamb\u00e9m motivo para que outras institui\u00e7\u00f5es com outras val\u00eancias tamb\u00e9m se abram de outra forma \u00e0 comunidade para que, efetivamente, consigamos incluir todos, demonstrando que somos todos iguais com as diferen\u00e7as de cada um e todos devemos ter as mesmas oportunidades\u201d, vincou.<\/p>\n\n\n\n<p><\/p>\n\n\n\n<p>in Antena Minho<\/p>\n\n\n\n<p><a href=\"https:\/\/www.antenaminho.pt\/noticias\/voando-as-cegas-uma-experiencia-a-repetir-no-aero-clube-de-braga\/1408\">https:\/\/www.antenaminho.pt\/noticias\/voando-as-cegas-uma-experiencia-a-repetir-no-aero-clube-de-braga\/1408<\/a><\/p>\n","protected":false},"excerpt":{"rendered":"<p>O sonho de voar foi realizado. O Aero Clube de Braga proporcionou a experi\u00eancia a mais de 20 pessoas invisuais,.<\/p>\n","protected":false},"author":1,"featured_media":482,"comment_status":"closed","ping_status":"closed","sticky":false,"template":"","format":"standard","meta":{"_monsterinsights_skip_tracking":false,"_monsterinsights_sitenote_active":false,"_monsterinsights_sitenote_note":"","_monsterinsights_sitenote_category":0,"footnotes":""},"categories":[25,1,42,27],"tags":[],"class_list":["post-481","post","type-post","status-publish","format-standard","has-post-thumbnail","hentry","category-aeroeventos","category-institucional","category-noticias","category-voo-panoramico"],"_links":{"self":[{"href":"https:\/\/aeroclubebraga.pt\/index.php\/wp-json\/wp\/v2\/posts\/481","targetHints":{"allow":["GET"]}}],"collection":[{"href":"https:\/\/aeroclubebraga.pt\/index.php\/wp-json\/wp\/v2\/posts"}],"about":[{"href":"https:\/\/aeroclubebraga.pt\/index.php\/wp-json\/wp\/v2\/types\/post"}],"author":[{"embeddable":true,"href":"https:\/\/aeroclubebraga.pt\/index.php\/wp-json\/wp\/v2\/users\/1"}],"replies":[{"embeddable":true,"href":"https:\/\/aeroclubebraga.pt\/index.php\/wp-json\/wp\/v2\/comments?post=481"}],"version-history":[{"count":1,"href":"https:\/\/aeroclubebraga.pt\/index.php\/wp-json\/wp\/v2\/posts\/481\/revisions"}],"predecessor-version":[{"id":483,"href":"https:\/\/aeroclubebraga.pt\/index.php\/wp-json\/wp\/v2\/posts\/481\/revisions\/483"}],"wp:featuredmedia":[{"embeddable":true,"href":"https:\/\/aeroclubebraga.pt\/index.php\/wp-json\/wp\/v2\/media\/482"}],"wp:attachment":[{"href":"https:\/\/aeroclubebraga.pt\/index.php\/wp-json\/wp\/v2\/media?parent=481"}],"wp:term":[{"taxonomy":"category","embeddable":true,"href":"https:\/\/aeroclubebraga.pt\/index.php\/wp-json\/wp\/v2\/categories?post=481"},{"taxonomy":"post_tag","embeddable":true,"href":"https:\/\/aeroclubebraga.pt\/index.php\/wp-json\/wp\/v2\/tags?post=481"}],"curies":[{"name":"wp","href":"https:\/\/api.w.org\/{rel}","templated":true}]}}